{"id":31,"date":"2019-12-01T18:50:29","date_gmt":"2019-12-01T18:50:29","guid":{"rendered":"https:\/\/vihreatvegaanit.fi\/?p=31"},"modified":"2019-12-01T18:50:29","modified_gmt":"2019-12-01T18:50:29","slug":"elain-ja-maatalouspoliittinen-tyoryhma-2019-2021","status":"publish","type":"post","link":"https:\/\/vihreatvegaanit.fi\/?p=31","title":{"rendered":"El\u00e4in- ja maatalouspoliittinen ty\u00f6ryhm\u00e4 2019-2021"},"content":{"rendered":"\n<p>Vihreiss\u00e4 &#8211; kuten varmasti muissakin puolueissa &#8211; toimii puolueen varsinaisen p\u00e4\u00e4t\u00f6ksenteko- ja vaikuttamisorganisaation rinnalla useita eri aiheisiin tai hankkeisiin liittyvi\u00e4 <a rel=\"noreferrer noopener\" aria-label=\"ty\u00f6ryhmi\u00e4 (opens in a new tab)\" href=\"https:\/\/www.vihreat.fi\/tyoryhmat2019\" target=\"_blank\">ty\u00f6ryhmi\u00e4<\/a>. Tiet\u00e4\u00e4ksemme Vihre\u00e4t on ainoa eduskuntapuolue, jolla on my\u00f6s el\u00e4inpoliittinen ty\u00f6ryhm\u00e4 ja erityisi\u00e4 el\u00e4inpoliittisia linjauksia. <br><br>Vihreiden vegaanien edustaja on ollut mukana useassa per\u00e4tt\u00e4isess\u00e4 el\u00e4inpoliittisessa ty\u00f6ryhm\u00e4ss\u00e4, ja n\u00e4in my\u00f6s \u00e4skett\u00e4in perustetussa, uudella lailla organisoidussa el\u00e4in- ja maatalouspoliittisessa ty\u00f6ryhm\u00e4ss\u00e4 &#8211; aiemmin n\u00e4m\u00e4 ovat olleet kaksi erillist\u00e4 ty\u00f6ryhm\u00e4\u00e4. Vuosina 2018-2019 kun puolueessa uusittiin niin el\u00e4inpoliittista linjapaperia kuin maatalouspoliittista ohjelmaa, huomattiin, ett\u00e4 monelta osin ty\u00f6ryhmien intressit olivat yhteiset. Ymm\u00e4rrett\u00e4v\u00e4sti n\u00e4in, kun el\u00e4inpolitiikan kipeimm\u00e4t ja useimmin nousevat kysymykset t\u00e4ll\u00e4 hetkell\u00e4 liittyv\u00e4t nimenomaan tuotantoel\u00e4inten tilanteeseen. <br><br>Vegaanilta t\u00e4llaisessa ty\u00f6ryhm\u00e4ss\u00e4 ja yleisestikin poliittisessa p\u00e4\u00e4t\u00f6ksenteossa mukana oleminen vaatii kyky\u00e4 ymm\u00e4rt\u00e4\u00e4 ja edist\u00e4\u00e4 sellaisiakin p\u00e4\u00e4m\u00e4\u00e4ri\u00e4, jotka omassa arvomaailmassa sijoittuvat kauas ihanteellisesta. Esimerkiksi saatamme l\u00f6yt\u00e4\u00e4 itsemme vaatimassa tilavampia h\u00e4kkej\u00e4 el\u00e4imille, tai v\u00e4hemm\u00e4n saatanallisia teurastusmenetelmi\u00e4. <br><br>Vegaani kuitenkin jo l\u00e4sn\u00e4olollaan ja oman vakaumuksensa omissa valinnoissaan esiin tuomalla pit\u00e4\u00e4 t\u00e4llaisessakin ty\u00f6skentelyss\u00e4 l\u00e4sn\u00e4 el\u00e4inoikeudellisen ulottuvuuden. <\/p>\n","protected":false},"excerpt":{"rendered":"<p>Vihreiss\u00e4 &#8211; kuten varmasti muissakin puolueissa &#8211; toimii puolueen varsinaisen p\u00e4\u00e4t\u00f6ksenteko- ja vaikuttamisorganisaation rinnalla useita eri aiheisiin tai hankkeisiin liittyvi\u00e4 ty\u00f6ryhmi\u00e4. Tiet\u00e4\u00e4ksemme Vihre\u00e4t on ainoa eduskuntapuolue, jolla on my\u00f6s el\u00e4inpoliittinen ty\u00f6ryhm\u00e4 ja erityisi\u00e4 el\u00e4inpoliittisia linjauksia. Vihreiden vegaanien edustaja on ollut mukana useassa per\u00e4tt\u00e4isess\u00e4 el\u00e4inpoliittisessa ty\u00f6ryhm\u00e4ss\u00e4, ja n\u00e4in my\u00f6s \u00e4skett\u00e4in perustetussa, uudella lailla organisoidussa el\u00e4in- ja [&hellip;]<\/p>\n","protected":false},"author":2,"featured_media":0,"comment_status":"closed","ping_status":"closed","sticky":false,"template":"","format":"standard","meta":[],"categories":[4],"tags":[],"_links":{"self":[{"href":"https:\/\/vihreatvegaanit.fi\/index.php?rest_route=\/wp\/v2\/posts\/31"}],"collection":[{"href":"https:\/\/vihreatvegaanit.fi\/index.php?rest_route=\/wp\/v2\/posts"}],"about":[{"href":"https:\/\/vihreatvegaanit.fi\/index.php?rest_route=\/wp\/v2\/types\/post"}],"author":[{"embeddable":true,"href":"https:\/\/vihreatvegaanit.fi\/index.php?rest_route=\/wp\/v2\/users\/2"}],"replies":[{"embeddable":true,"href":"https:\/\/vihreatvegaanit.fi\/index.php?rest_route=%2Fwp%2Fv2%2Fcomments&post=31"}],"version-history":[{"count":1,"href":"https:\/\/vihreatvegaanit.fi\/index.php?rest_route=\/wp\/v2\/posts\/31\/revisions"}],"predecessor-version":[{"id":32,"href":"https:\/\/vihreatvegaanit.fi\/index.php?rest_route=\/wp\/v2\/posts\/31\/revisions\/32"}],"wp:attachment":[{"href":"https:\/\/vihreatvegaanit.fi\/index.php?rest_route=%2Fwp%2Fv2%2Fmedia&parent=31"}],"wp:term":[{"taxonomy":"category","embeddable":true,"href":"https:\/\/vihreatvegaanit.fi\/index.php?rest_route=%2Fwp%2Fv2%2Fcategories&post=31"},{"taxonomy":"post_tag","embeddable":true,"href":"https:\/\/vihreatvegaanit.fi\/index.php?rest_route=%2Fwp%2Fv2%2Ftags&post=31"}],"curies":[{"name":"wp","href":"https:\/\/api.w.org\/{rel}","templated":true}]}}